{"id":8937,"date":"2026-01-05T08:44:42","date_gmt":"2026-01-05T08:44:42","guid":{"rendered":"https:\/\/serenovables.com\/?p=7000"},"modified":"2026-03-01T23:32:05","modified_gmt":"2026-03-01T22:32:05","slug":"byd-lidera-amb-mes-de-30-000-vendes","status":"publish","type":"post","link":"https:\/\/serenovables.com\/ca\/byd-lidera-amb-mes-de-30-000-vendes\/","title":{"rendered":"BYD lidera el mercat de cotxes el\u00e8ctrics a Espanya amb m\u00e9s de 30.000 vendes"},"content":{"rendered":"<h2><b>Revoluci\u00f3 en el mercat automobil\u00edstic espanyol<\/b><\/h2>\n<p><span style=\"font-weight: 400;\">Recentment, un fabricant asi\u00e0tic ha assolit una fita significativa: m\u00e9s de 30.000 vehicles venuts al nostre pa\u00eds, entre cotxes el\u00e8ctrics purs i h\u00edbrids endollables. Aquesta xifra no nom\u00e9s reflecteix l\u2019acceleraci\u00f3 de la demanda de tecnologies electrificades, sin\u00f3 que tamb\u00e9 posa de manifest com els consumidors espanyols estan adoptant nous models de mobilitat basats en l\u2019efici\u00e8ncia energ\u00e8tica i la sostenibilitat.<\/span><\/p>\n<p><span style=\"font-weight: 400;\">La marca darrere d\u2019aquest notable creixement \u00e9s <a href=\"https:\/\/www.byd.com\/es-es\" target=\"_blank\" rel=\"noopener\">BYD<\/a>, un fabricant xin\u00e8s que ha irromput amb for\u00e7a al mercat espanyol gr\u00e0cies a una estrat\u00e8gia centrada en models electrificats i una proposta de valor molt competitiva.<\/span><\/p>\n<h2><b>Traject\u00f2ria i creixement<\/b><\/h2>\n<p><span style=\"font-weight: 400;\">BYD va iniciar la seva traject\u00f2ria a Espanya el mar\u00e7 de 2023 amb un ritme inicial moderat. Tanmateix, la introducci\u00f3 dels seus models h\u00edbrids endollables, especialment el <\/span><b>SEAL U DM-i<\/b><span style=\"font-weight: 400;\">, va ser clau per accelerar les vendes. A finals de 2024 ja havia matriculat m\u00e9s de 5.000 unitats d\u2019aquest PHEV, un senyal clar de la bona acollida d\u2019aquesta tecnologia al nostre pa\u00eds.<\/span><\/p>\n<p><span style=\"font-weight: 400;\">Durant el 2025, les vendes de la marca xinesa es van disparar: van superar les 10.000 unitats a l\u2019abril, van arribar a 20.000 a l\u2019agost i, finalment, van creuar la barrera de les 30.000 unitats venudes a finals de novembre. Aquesta evoluci\u00f3 demostra no nom\u00e9s l\u2019inter\u00e8s dels consumidors pels cotxes electrificats, sin\u00f3 tamb\u00e9 la capacitat de BYD d\u2019adaptar la seva oferta al mercat espanyol.<\/span><\/p>\n<h2><b>Cat\u00e0leg atractiu per al client espanyol<\/b><\/h2>\n<p><span style=\"font-weight: 400;\">L\u2019\u00e8xit de BYD no es deu \u00fanicament a les xifres, sin\u00f3 tamb\u00e9 a la seva gamma de models el\u00e8ctrics i PHEV atractius i ben equipats. Entre els que m\u00e9s destaquen hi ha:<\/span><\/p>\n<ul>\n<li style=\"font-weight: 400;\" aria-level=\"1\"><b>BYD SEAL U<\/b><span style=\"font-weight: 400;\"> \u2013 El gran impulsor de les vendes, amb versions h\u00edbrides endollables molt populars entre els compradors particulars pel seu equilibri entre autonomia, tecnologia i preu.<\/span><\/li>\n<li style=\"font-weight: 400;\" aria-level=\"1\"><b>BYD ATTO 3<\/b><span style=\"font-weight: 400;\"> \u2013 Un dels el\u00e8ctrics m\u00e9s venuts de la marca, molt competitiu dins del seu segment.<\/span><\/li>\n<li style=\"font-weight: 400;\" aria-level=\"1\"><b>BYD Dolphin Surf i Dolphin<\/b><span style=\"font-weight: 400;\"> \u2013 Models el\u00e8ctrics m\u00e9s assequibles que tamb\u00e9 han acumulat vendes significatives.<\/span><\/li>\n<\/ul>\n<p><span style=\"font-weight: 400;\">La combinaci\u00f3 de varietat de models, tecnologia avan\u00e7ada, bones prestacions d\u2019autonomia i una estrat\u00e8gia de posicionament de preus ha estat un factor clau perqu\u00e8 els consumidors espanyols optin per aquests vehicles electrificats.<\/span><\/p>\n<h2><b>Qu\u00e8 significa aquesta fita per al sector<\/b><\/h2>\n<p><span style=\"font-weight: 400;\">El fet que una marca xinesa com BYD hagi superat les 30.000 unitats venudes a Espanya \u00e9s un clar indicador que el mercat dels vehicles electrificats est\u00e0 evolucionant r\u00e0pidament. Els consumidors no nom\u00e9s busquen alternatives m\u00e9s sostenibles, sin\u00f3 que tamb\u00e9 valoren la tecnologia, l\u2019efici\u00e8ncia i un cost total de propietat competitiu.<\/span><\/p>\n<p><span style=\"font-weight: 400;\">Aquest \u00e8xit tamb\u00e9 augura una major compet\u00e8ncia al sector, empenyent altres marques a accelerar la seva transici\u00f3 cap a l\u2019electrificaci\u00f3 i a oferir millors opcions als conductors. En definitiva, es tracta d\u2019una transformaci\u00f3 que beneficia el consumidor, impulsa la innovaci\u00f3 i contribueix a una mobilitat m\u00e9s sostenible a Espanya.<\/span><\/p>\n","protected":false},"excerpt":{"rendered":"<p>Revoluci\u00f3 en el mercat automobil\u00edstic espanyol Recentment, un fabricant asi\u00e0tic ha assolit una fita significativa: m\u00e9s de 30.000 vehicles venuts al nostre pa\u00eds, entre cotxes el\u00e8ctrics purs i h\u00edbrids endollables. Aquesta xifra no nom\u00e9s reflecteix l\u2019acceleraci\u00f3 de la demanda de tecnologies electrificades, sin\u00f3 que tamb\u00e9 posa de manifest com els consumidors espanyols estan adoptant nous [&hellip;]<\/p>\n","protected":false},"author":1,"featured_media":8959,"comment_status":"open","ping_status":"open","sticky":false,"template":"","format":"standard","meta":{"_acf_changed":false,"_joinchat":[],"footnotes":""},"categories":[1],"tags":[],"class_list":["post-8937","post","type-post","status-publish","format-standard","has-post-thumbnail","hentry","category-sin-categoria"],"acf":[],"_links":{"self":[{"href":"https:\/\/serenovables.com\/ca\/wp-json\/wp\/v2\/posts\/8937","targetHints":{"allow":["GET"]}}],"collection":[{"href":"https:\/\/serenovables.com\/ca\/wp-json\/wp\/v2\/posts"}],"about":[{"href":"https:\/\/serenovables.com\/ca\/wp-json\/wp\/v2\/types\/post"}],"author":[{"embeddable":true,"href":"https:\/\/serenovables.com\/ca\/wp-json\/wp\/v2\/users\/1"}],"replies":[{"embeddable":true,"href":"https:\/\/serenovables.com\/ca\/wp-json\/wp\/v2\/comments?post=8937"}],"version-history":[{"count":1,"href":"https:\/\/serenovables.com\/ca\/wp-json\/wp\/v2\/posts\/8937\/revisions"}],"predecessor-version":[{"id":8977,"href":"https:\/\/serenovables.com\/ca\/wp-json\/wp\/v2\/posts\/8937\/revisions\/8977"}],"wp:featuredmedia":[{"embeddable":true,"href":"https:\/\/serenovables.com\/ca\/wp-json\/wp\/v2\/media\/8959"}],"wp:attachment":[{"href":"https:\/\/serenovables.com\/ca\/wp-json\/wp\/v2\/media?parent=8937"}],"wp:term":[{"taxonomy":"category","embeddable":true,"href":"https:\/\/serenovables.com\/ca\/wp-json\/wp\/v2\/categories?post=8937"},{"taxonomy":"post_tag","embeddable":true,"href":"https:\/\/serenovables.com\/ca\/wp-json\/wp\/v2\/tags?post=8937"}],"curies":[{"name":"wp","href":"https:\/\/api.w.org\/{rel}","templated":true}]}}