{"id":8935,"date":"2025-12-29T10:44:34","date_gmt":"2025-12-29T10:44:34","guid":{"rendered":"https:\/\/serenovables.com\/?p=6990"},"modified":"2025-12-29T10:44:34","modified_gmt":"2025-12-29T10:44:34","slug":"el-fred-a-cotxes-electrics-i-dels-de-combustio","status":"publish","type":"post","link":"https:\/\/serenovables.com\/ca\/el-fred-a-cotxes-electrics-i-dels-de-combustio\/","title":{"rendered":"Com afecta el fred a l\u2019autonomia dels cotxes el\u00e8ctrics i dels de combusti\u00f3: condicions reals 2025\/2026"},"content":{"rendered":"<p><span style=\"font-weight: 400;\">Durant els mesos m\u00e9s freds de l\u2019any, molts conductors es pregunten si el rendiment del seu vehicle es veur\u00e0 afectat per les baixes temperatures. Aquesta preocupaci\u00f3 \u00e9s especialment habitual entre els propietaris de cotxes el\u00e8ctrics, ja que la seva autonomia i efici\u00e8ncia poden disminuir amb el fred. Per\u00f2, com es compara aquest efecte entre els cotxes el\u00e8ctrics i els de combusti\u00f3 interna? En aquest article explorem com les condicions hivernals afecten tots dos tipus de vehicles per oferir-te una perspectiva clara i \u00fatil a l\u2019hora de planificar els teus despla\u00e7aments durant l\u2019hivern.<\/span><\/p>\n<p>&nbsp;<\/p>\n<h2><b>Qu\u00e8 passa amb els cotxes el\u00e8ctrics a l\u2019hivern?<\/b><\/h2>\n<p><span style=\"font-weight: 400;\">Els cotxes el\u00e8ctrics funcionen amb bateries d\u2019i\u00f3-liti, que s\u00f3n sensibles a les baixes temperatures. En condicions de fred, aquestes bateries tendeixen a perdre efici\u00e8ncia, i el vehicle necessita destinar m\u00e9s energia no nom\u00e9s a la propulsi\u00f3, sin\u00f3 tamb\u00e9 a mantenir l\u2019habitacle i les bateries a una temperatura adequada. Aix\u00f2 es tradueix en <strong>una reducci\u00f3 significativa de l\u2019autonomia real<\/strong> en comparaci\u00f3 amb la que s\u2019obt\u00e9 en condicions c\u00e0lides.<\/span><\/p>\n<p><span style=\"font-weight: 400;\">Un estudi comparatiu, citat per <a href=\"https:\/\/forococheselectricos.com\/noticias\/como-afecta-frio-autonomia-coches-electricos-y-combustion-20251225-39343.html\" target=\"_blank\" rel=\"noopener\">FCE<\/a>, va avaluar dos cotxes el\u00e8ctrics \u2014el BYD Sealion 7 i el CUPRA Born\u2014 en condicions fredes i c\u00e0lides. Els resultats van mostrar que el primer va reduir la seva autonomia de 400 km a 337 km (aproximadament un 16% menys), mentre que el CUPRA Born va passar de 328 km a nom\u00e9s 221 km, una caiguda d\u2019aproximadament el 33%.<\/span><\/p>\n<p><span style=\"font-weight: 400;\">La principal ra\u00f3 d\u2019aquesta p\u00e8rdua \u00e9s que la bateria reacciona m\u00e9s lentament a baixes temperatures i es necessita m\u00e9s energia per al sistema de calefacci\u00f3, ja que, a difer\u00e8ncia d\u2019un motor t\u00e8rmic, un cotxe el\u00e8ctric no genera calor residual \u00fatil per escalfar l\u2019habitacle. <a href=\"https:\/\/www.recurrentauto.com\/research\/winter-ev-range-loss?utm_source=chatgpt.com\" target=\"_blank\" rel=\"noopener\">recurrentauto.com<\/a><\/span><\/p>\n<p><span style=\"font-weight: 400;\">A m\u00e9s, a l\u2019hivern la velocitat de c\u00e0rrega tamb\u00e9 pot disminuir, ja que les bateries fredes accepten l\u2019energia m\u00e9s lentament, fet que pot allargar els temps a les estacions de c\u00e0rrega r\u00e0pida.<\/span><\/p>\n<p>&nbsp;<\/p>\n<h2><b>I els cotxes de combusti\u00f3 interna?<\/b><\/h2>\n<p><span style=\"font-weight: 400;\">Els cotxes amb motor de combusti\u00f3 interna tamb\u00e9 es veuen afectats pel fred, tot i que de manera diferent. En aquests vehicles, el motor genera calor residual com a part del seu funcionament, que es pot aprofitar per escalfar l\u2019habitacle sense un consum energ\u00e8tic addicional significatiu. Per aix\u00f2, tot i que<strong> a l\u2019hivern el consum de combustible sol augmentar lleugerament<\/strong> \u2014a causa de la major resist\u00e8ncia del motor i de l\u2019\u00fas del climatitzador\u2014, <strong>l\u2019autonomia no es redueix de manera tan dr\u00e0stica<\/strong> com en els cotxes el\u00e8ctrics.<\/span><\/p>\n<p><span style=\"font-weight: 400;\">Per exemple, en l\u2019estudi esmentat, els models BMW S\u00e8rie 5 i X2 van augmentar el seu consum de gasolina de manera moderada, per\u00f2 no van experimentar caigudes d\u2019autonomia tan pronunciades com els seus equivalents el\u00e8ctrics.<\/span><\/p>\n<p><span style=\"font-weight: 400;\">Cal destacar que el consum extra en vehicles de combusti\u00f3 s\u00ed que t\u00e9 un impacte en el cost d\u2019\u00fas, tot i que sovint \u00e9s menys perceptible que la reducci\u00f3 de quil\u00f2metres en un cotxe el\u00e8ctric durant per\u00edodes prolongats de fred intens.<\/span><\/p>\n<p>&nbsp;<\/p>\n<h2><b>Factors que influeixen en la p\u00e8rdua d\u2019autonomia<\/b><\/h2>\n<p><span style=\"font-weight: 400;\">Tant en cotxes el\u00e8ctrics com en vehicles de combusti\u00f3 hi ha diversos factors que poden agreujar la p\u00e8rdua d\u2019autonomia a l\u2019hivern:<\/span><\/p>\n<ul>\n<li style=\"font-weight: 400;\" aria-level=\"1\"><b>Temperatures extremadament baixes<\/b><span style=\"font-weight: 400;\">, que afecten directament l\u2019efici\u00e8ncia de les bateries i dels combustibles.<\/span><span style=\"font-weight: 400;\"><br \/>\n<\/span><\/li>\n<li style=\"font-weight: 400;\" aria-level=\"1\"><b>\u00das intensiu de la calefacci\u00f3 i d\u2019altres sistemes auxiliars<\/b><span style=\"font-weight: 400;\">, que requereixen energia addicional.<\/span><span style=\"font-weight: 400;\"><br \/>\n<\/span><\/li>\n<li style=\"font-weight: 400;\" aria-level=\"1\"><b>Estil de conducci\u00f3 i velocitat<\/b><span style=\"font-weight: 400;\">, ja que les altes velocitats amb fred incrementen el consum energ\u00e8tic.<\/span><span style=\"font-weight: 400;\">\n<p><\/span><\/li>\n<\/ul>\n<p>&nbsp;<\/p>\n<h2><b>Conclusi\u00f3<\/b><\/h2>\n<p><span style=\"font-weight: 400;\">El fred afecta sens dubte l\u2019autonomia dels vehicles, per\u00f2 els cotxes el\u00e8ctrics s\u00f3n els m\u00e9s sensibles a aquestes condicions. A causa de la qu\u00edmica de les seves bateries i de l\u2019\u00fas d\u2019energia per a la calefacci\u00f3 i la gesti\u00f3 t\u00e8rmica, poden patir p\u00e8rdues d\u2019autonomia d\u2019entre el 10% i m\u00e9s del 30% a temperatures baixes, segons el model i l\u2019\u00fas que se\u2019n faci.<\/span><\/p>\n<p><span style=\"font-weight: 400;\">En canvi, els cotxes amb motor de combusti\u00f3 interna tamb\u00e9 veuen augmentar el seu consum a l\u2019hivern, per\u00f2 la seva p\u00e8rdua d\u2019autonomia sol ser m\u00e9s moderada gr\u00e0cies a l\u2019aprofitament de la calor residual del motor.<\/span><\/p>\n<p><span style=\"font-weight: 400;\">Per aix\u00f2, si ets conductor d\u2019un vehicle el\u00e8ctric, \u00e9s especialment \u00fatil planificar els trajectes i les c\u00e0rregues amb antelaci\u00f3 durant l\u2019hivern, utilitzar sistemes de gesti\u00f3 t\u00e8rmica i aprofitar funcions com el precondicionament mentre el cotxe est\u00e0 endollat.\u00a0<\/span><\/p>\n<p>&nbsp;<\/p>\n","protected":false},"excerpt":{"rendered":"<p>Durant els mesos m\u00e9s freds de l\u2019any, molts conductors es pregunten si el rendiment del seu vehicle es veur\u00e0 afectat per les baixes temperatures. Aquesta preocupaci\u00f3 \u00e9s especialment habitual entre els propietaris de cotxes el\u00e8ctrics, ja que la seva autonomia i efici\u00e8ncia poden disminuir amb el fred. Per\u00f2, com es compara aquest efecte entre els [&hellip;]<\/p>\n","protected":false},"author":1,"featured_media":6986,"comment_status":"open","ping_status":"open","sticky":false,"template":"","format":"standard","meta":{"_acf_changed":false,"_joinchat":[],"footnotes":""},"categories":[1],"tags":[],"class_list":["post-8935","post","type-post","status-publish","format-standard","has-post-thumbnail","hentry","category-sin-categoria"],"acf":[],"_links":{"self":[{"href":"https:\/\/serenovables.com\/ca\/wp-json\/wp\/v2\/posts\/8935","targetHints":{"allow":["GET"]}}],"collection":[{"href":"https:\/\/serenovables.com\/ca\/wp-json\/wp\/v2\/posts"}],"about":[{"href":"https:\/\/serenovables.com\/ca\/wp-json\/wp\/v2\/types\/post"}],"author":[{"embeddable":true,"href":"https:\/\/serenovables.com\/ca\/wp-json\/wp\/v2\/users\/1"}],"replies":[{"embeddable":true,"href":"https:\/\/serenovables.com\/ca\/wp-json\/wp\/v2\/comments?post=8935"}],"version-history":[{"count":1,"href":"https:\/\/serenovables.com\/ca\/wp-json\/wp\/v2\/posts\/8935\/revisions"}],"predecessor-version":[{"id":8974,"href":"https:\/\/serenovables.com\/ca\/wp-json\/wp\/v2\/posts\/8935\/revisions\/8974"}],"wp:featuredmedia":[{"embeddable":true,"href":"https:\/\/serenovables.com\/ca\/wp-json\/wp\/v2\/media\/6986"}],"wp:attachment":[{"href":"https:\/\/serenovables.com\/ca\/wp-json\/wp\/v2\/media?parent=8935"}],"wp:term":[{"taxonomy":"category","embeddable":true,"href":"https:\/\/serenovables.com\/ca\/wp-json\/wp\/v2\/categories?post=8935"},{"taxonomy":"post_tag","embeddable":true,"href":"https:\/\/serenovables.com\/ca\/wp-json\/wp\/v2\/tags?post=8935"}],"curies":[{"name":"wp","href":"https:\/\/api.w.org\/{rel}","templated":true}]}}