{"id":14408,"date":"2026-08-31T11:26:11","date_gmt":"2026-08-31T09:26:11","guid":{"rendered":"https:\/\/serenovables.com\/sostre-solar-per-a-cotxes-electrics-el-2026-lenergia-solar-arriba-al-mateix-vehicle\/"},"modified":"2026-08-31T11:28:40","modified_gmt":"2026-08-31T09:28:40","slug":"sostre-solar-per-a-cotxes-electrics-el-2026-lenergia-solar-arriba-al-mateix-vehicle","status":"publish","type":"post","link":"https:\/\/serenovables.com\/ca\/sostre-solar-per-a-cotxes-electrics-el-2026-lenergia-solar-arriba-al-mateix-vehicle\/","title":{"rendered":"Sostre solar per a cotxes el\u00e8ctrics el 2026: l&#8217;energia solar arriba al mateix vehicle"},"content":{"rendered":"\n<p class=\"wp-block-paragraph\">La mobilitat el\u00e8ctrica continua evolucionant i l&#8217;energia solar comen\u00e7a a trobar un nou espai dins el mateix autom\u00f2bil. Una de les \u00faltimes novetats arriba des de la Xina, on <strong><a href=\"https:\/\/www.fuyaogroup.com\/en\/news_586.html\" target=\"_blank\" rel=\"noopener\">Fuyao Glass<\/a><\/strong> , un dels grans fabricants mundials de vidre per a autom\u00f2bils, ha confirmat que disposa de capacitat per produir a gran escala vidres amb c\u00e8l\u00b7lules fotovoltaiques integrades. <\/p>\n\n<p class=\"wp-block-paragraph\">La idea \u00e9s senzilla: aprofitar la superf\u00edcie del sostre del vehicle per transformar la llum solar en electricitat.<\/p>\n\n<p class=\"wp-block-paragraph\">Tot i que encara no estem davant d&#8217;un cotxe capa\u00e7 de funcionar exclusivament gr\u00e0cies al sol, aquesta tecnologia es pot convertir en un complement interessant per reduir el consum energ\u00e8tic de determinats sistemes del vehicle.<\/p>\n\n<h2 class=\"wp-block-heading\">Qu\u00e8 \u00e9s un sostre solar fotovoltaic per a un cotxe?<\/h2>\n\n<p class=\"wp-block-paragraph\">A difer\u00e8ncia d\u00b4un sostre solar convencional, que permet simplement l\u00b4entrada de llum o millora la sensaci\u00f3 d\u00b4amplitud de l\u00b4habitacle, un <strong><a href=\"https:\/\/www.fuyaogroup.com\/en\/products_list_14.html\" target=\"_blank\" rel=\"noopener\">sostre solar fotovoltaic<\/a><\/strong> incorpora c\u00e8l\u00b7lules solars dins del propi vidre laminat.<\/p>\n\n<p class=\"wp-block-paragraph\">Quan la llum incideix sobre aquestes c\u00e8l\u00b7lules, es genera electricitat que es pot utilitzar per alimentar determinats consums el\u00e8ctrics del vehicle.<\/p>\n\n<p class=\"wp-block-paragraph\">Segons la informaci\u00f3 publicada per <em>pv magazine<\/em> , Fuyao ha desenvolupat aquest tipus de vidre solar i assegura comptar amb capacitat de producci\u00f3 en volum. L&#8217;empresa ja havia comunicat el 2024 que havia aconseguit capacitat de producci\u00f3 en s\u00e8rie per a aquest producte. <\/p>\n\n<p class=\"wp-block-paragraph\">Per tant, la not\u00edcia no vol dir que la tecnologia hagi aparegut de sobte, sin\u00f3 que mostra com el <strong>fotovoltaic integrat en vehicles (VIPV)<\/strong> comen\u00e7a a avan\u00e7ar des de la fase experimental cap a una aplicaci\u00f3 m\u00e9s comercial.<\/p>\n\n<h2 class=\"wp-block-heading\">Un cotxe el\u00e8ctric es pot carregar nom\u00e9s amb el sostre solar?<\/h2>\n\n<p class=\"wp-block-paragraph\">Aqu\u00ed \u00e9s important posar les expectatives en context.<\/p>\n\n<p class=\"wp-block-paragraph\">La superf\u00edcie disponible al sostre d&#8217;un turisme \u00e9s relativament petita davant de la instal\u00b7laci\u00f3 fotovoltaica convencional. A m\u00e9s, el vehicle no roman sempre aparcat sota el sol i la producci\u00f3 dep\u00e8n de factors com ara l&#8217;orientaci\u00f3, les ombres, la meteorologia i la radiaci\u00f3 solar. <\/p>\n\n<p class=\"wp-block-paragraph\">Per aquest motiu, un sostre fotovoltaic <strong>no pret\u00e9n substituir el<\/strong> <a href=\"https:\/\/serenovables.com\/ca\/instalacio-punt-recarrega-cotxe-electric\/\"><strong>carregador d&#8217;un cotxe el\u00e8ctric<\/strong> .<\/a><\/p>\n\n<p class=\"wp-block-paragraph\">La seva principal utilitat a curt termini pot ser aportar electricitat a determinats consums auxiliars i reduir parcialment el consum de la bateria.<\/p>\n\n<p class=\"wp-block-paragraph\">Entre les seves possibles aplicacions hi ha sistemes el\u00e8ctrics auxiliars, ventilaci\u00f3 i determinades funcions que necessiten energia quan el vehicle est\u00e0 estacionat.<\/p>\n\n<p class=\"wp-block-paragraph\">\u00c9s a dir, parlem d\u201funa tecnologia complement\u00e0ria, no d\u201funa alternativa a la rec\u00e0rrega convencional.<\/p>\n\n<h2 class=\"wp-block-heading\">La tecnologia de Fuyao: un pas cap a la producci\u00f3 a gran escala<\/h2>\n\n<p class=\"wp-block-paragraph\">Fuyao Glass ha explicat que integra les c\u00e8l\u00b7lules fotovoltaiques dins del vidre laminat utilitzat a l&#8217;autom\u00f2bil. La companyia anomena aquesta soluci\u00f3 \u201csolar sunroof\u201d o sostre solar. <\/p>\n\n<p class=\"wp-block-paragraph\">En els darrers mesos tamb\u00e9 han circulat informacions en mitjans especialitzats xinesos que relacionen aquesta tecnologia amb vehicles de BYD i que apunten a determinades xifres de pot\u00e8ncia, efici\u00e8ncia i preu.<\/p>\n\n<p class=\"wp-block-paragraph\">No obstant aix\u00f2, hi ha una difer\u00e8ncia important entre aquests rumors i les dades confirmades.<\/p>\n\n<p class=\"wp-block-paragraph\">Fuyao i BYD no han publicat oficialment les especificacions t\u00e8cniques ni han confirmat conjuntament aquestes xifres, per la qual cosa conv\u00e9 tractar-les amb cautela.<\/p>\n\n<p class=\"wp-block-paragraph\">El que s\u00ed que resulta rellevant \u00e9s que Fuyao ha confirmat la seva capacitat per produir aquest tipus de vidre solar i que les seves instal\u00b7lacions de Fuqing Yangxia i Hefei van assolir conjuntament una capacitat de producci\u00f3 de milions de conjunts de vidre per a autom\u00f2bils al tancament del 2025.<\/p>\n\n<h2 class=\"wp-block-heading\">La combinaci\u00f3 que ja podem fer servir: plaques solars + cotxe el\u00e8ctric<\/h2>\n\n<p class=\"wp-block-paragraph\">Mentre els sostres fotovoltaics evolucionen, hi ha una soluci\u00f3 que ja est\u00e0 disponible per a llars, empreses i comunitats: <a href=\"https:\/\/serenovables.com\/ca\/installacio-de-plaques-solars-amb-bateries\/\"><strong>combinar autoconsum solar amb un punt de rec\u00e0rrega per a vehicles el\u00e8ctrics<\/strong> .<\/a><\/p>\n\n<p class=\"wp-block-paragraph\">El funcionament \u00e9s molt senzill:<\/p>\n\n<p class=\"wp-block-paragraph\"><strong>Plaques solars \u2192 producci\u00f3 d\u00b4electricitat \u2192 consum de l\u00b4habitatge \u2192 excedent \u2192 c\u00e0rrega del cotxe el\u00e8ctric<\/strong><\/p>\n\n<p class=\"wp-block-paragraph\">Durant les hores de m\u00e9s producci\u00f3 solar, part de l&#8217;energia generada pels panells es pot utilitzar per carregar el vehicle.<\/p>\n\n<p class=\"wp-block-paragraph\">Aix\u00f2 permet aprofitar millor l&#8217;electricitat produ\u00efda per la instal\u00b7laci\u00f3 i reduir la depend\u00e8ncia de la xarxa per a determinats consums.<\/p>\n\n<p class=\"wp-block-paragraph\">A Serenovables treballem precisament amb solucions que combinen <strong>autoconsum fotovoltaic i mobilitat el\u00e8ctrica<\/strong> , adaptant les instal\u00b7lacions a les necessitats de cada habitatge, garatge, comunitat o empresa.<\/p>\n\n<h2 class=\"wp-block-heading\">El futur de la mobilitat ser\u00e0 cada cop m\u00e9s solar<\/h2>\n\n<p class=\"wp-block-paragraph\">La tecnologia desenvolupada per fabricants com Fuyao mostra cap on pot evolucionar l&#8217;autom\u00f2bil.<\/p>\n\n<p class=\"wp-block-paragraph\">En el futur podrem trobar vehicles capa\u00e7os d&#8217;integrar c\u00e8l\u00b7lules fotovoltaiques no nom\u00e9s al sostre, sin\u00f3 potencialment a altres superf\u00edcies de l&#8217;autom\u00f2bil.<\/p>\n\n<p class=\"wp-block-paragraph\">Per\u00f2 l&#8217;objectiu no hauria de ser imaginar un cotxe que mai no necessita connectar-se a un carregador.<\/p>\n\n<p class=\"wp-block-paragraph\">La veritable oportunitat \u00e9s aconseguir que cada quil\u00f2metre recorregut necessiti menys energia de la xarxa i que una major part d&#8217;aquesta energia procedeixi de fonts renovables.<\/p>\n\n<p class=\"wp-block-paragraph\">L&#8217;evoluci\u00f3 del <strong>cotxe el\u00e8ctric solar<\/strong> forma part d&#8217;aquesta transformaci\u00f3.<\/p>\n\n<p class=\"wp-block-paragraph\">I mentre aquestes tecnologies avancen, l&#8217;autoconsum fotovoltaic ja permet fer un pas molt concret: produir electricitat a casa i utilitzar-la per carregar el nostre vehicle.<\/p>\n\n<h2 class=\"wp-block-heading\">Vols carregar el cotxe el\u00e8ctric amb energia solar?<\/h2>\n\n<p class=\"wp-block-paragraph\">La mobilitat el\u00e8ctrica i l&#8217;autoconsum fotovoltaic tenen molt m\u00e9s potencial quan funcionen junts.<\/p>\n\n<p class=\"wp-block-paragraph\">A Serenovables estudiem les necessitats de cada instal\u00b7laci\u00f3 per ajudar-te a combinar <strong>plaques solars i punt de rec\u00e0rrega per a cotxe el\u00e8ctric<\/strong> , amb una soluci\u00f3 adaptada al teu habitatge i als teus h\u00e0bits de consum. A m\u00e9s, oferim un servei integral que inclou estudi, instal\u00b7laci\u00f3 i gesti\u00f3 dels tr\u00e0mits corresponents. <\/p>\n\n<p class=\"wp-block-paragraph\"><strong>Vols saber quant podries estalviar produint la teva pr\u00f2pia energia i fent-la servir per carregar el teu cotxe el\u00e8ctric?<\/strong><\/p>\n\n<p class=\"wp-block-paragraph\">\ud83d\udc49 <strong>Demana ara el teu estudi personalitzat i gratu\u00eft amb Serenovables.<\/strong><\/p>\n\n<p class=\"wp-block-paragraph\"><a href=\"https:\/\/serenovables.com\/ca\/contactar\/\">Descobreix les solucions de Serenovables<\/a><\/p>\n\n<p class=\"wp-block-paragraph\">L&#8217;energia solar ja arriba a l&#8217;autom\u00f2bil. Per\u00f2 no cal esperar el cotxe del futur per comen\u00e7ar a aprofitar-la. <\/p>\n\n<p class=\"wp-block-paragraph\"><\/p>\n","protected":false},"excerpt":{"rendered":"<p>La mobilitat el\u00e8ctrica continua evolucionant i l&#8217;energia solar comen\u00e7a a trobar un nou espai dins el mateix autom\u00f2bil. Una de les \u00faltimes novetats arriba des de la Xina, on Fuyao Glass , un dels grans fabricants mundials de vidre per a autom\u00f2bils, ha confirmat que disposa de capacitat per produir a gran escala vidres amb [&hellip;]<\/p>\n","protected":false},"author":10,"featured_media":14409,"comment_status":"open","ping_status":"open","sticky":false,"template":"","format":"standard","meta":{"_acf_changed":false,"_joinchat":[],"footnotes":""},"categories":[50],"tags":[46,51,52,56],"class_list":["post-14408","post","type-post","status-publish","format-standard","has-post-thumbnail","hentry","category-placas-solares","tag-46","tag-energia-2","tag-fotovoltaica","tag-solar-2"],"acf":[],"_links":{"self":[{"href":"https:\/\/serenovables.com\/ca\/wp-json\/wp\/v2\/posts\/14408","targetHints":{"allow":["GET"]}}],"collection":[{"href":"https:\/\/serenovables.com\/ca\/wp-json\/wp\/v2\/posts"}],"about":[{"href":"https:\/\/serenovables.com\/ca\/wp-json\/wp\/v2\/types\/post"}],"author":[{"embeddable":true,"href":"https:\/\/serenovables.com\/ca\/wp-json\/wp\/v2\/users\/10"}],"replies":[{"embeddable":true,"href":"https:\/\/serenovables.com\/ca\/wp-json\/wp\/v2\/comments?post=14408"}],"version-history":[{"count":1,"href":"https:\/\/serenovables.com\/ca\/wp-json\/wp\/v2\/posts\/14408\/revisions"}],"predecessor-version":[{"id":14410,"href":"https:\/\/serenovables.com\/ca\/wp-json\/wp\/v2\/posts\/14408\/revisions\/14410"}],"wp:featuredmedia":[{"embeddable":true,"href":"https:\/\/serenovables.com\/ca\/wp-json\/wp\/v2\/media\/14409"}],"wp:attachment":[{"href":"https:\/\/serenovables.com\/ca\/wp-json\/wp\/v2\/media?parent=14408"}],"wp:term":[{"taxonomy":"category","embeddable":true,"href":"https:\/\/serenovables.com\/ca\/wp-json\/wp\/v2\/categories?post=14408"},{"taxonomy":"post_tag","embeddable":true,"href":"https:\/\/serenovables.com\/ca\/wp-json\/wp\/v2\/tags?post=14408"}],"curies":[{"name":"wp","href":"https:\/\/api.w.org\/{rel}","templated":true}]}}